{"id":342523,"global_id":"www.onisecoturismo.es\/fr\/?id=342523","global_id_lineage":["www.onisecoturismo.es\/fr\/?id=342523"],"author":"2","status":"publish","date":"2022-08-08 13:16:11","date_utc":"2022-08-08 13:16:11","modified":"2022-08-08 13:24:49","modified_utc":"2022-08-08 13:24:49","url":"https:\/\/www.onisecoturismo.es\/fr\/agenda\/fiestas-nuestra-senora-de-castru-2022\/","rest_url":"https:\/\/www.onisecoturismo.es\/fr\/wp-json\/tribe\/events\/v1\/events\/342523","title":"Fiestas Nuestra Se\u00f1ora de Castru 2022","description":"<h4><strong>DOMINGO 14 DE AGOSTO 2022 -V\u00cdSPERA<\/strong><\/h4>\n<p><strong>18.00 h. JUEGOS INFANTILES<\/strong> en la plaza del Ayuntamiento<br \/>\n<strong>19.00 h. PARTIDO DE F\u00daTBOL<\/strong> \u00ab\u00a0Ntra. Sra. de Castru\u00a0\u00bb entre las \u00ab\u00a0viejas glorias\u00a0\u00bb y las \u00ab\u00a0j\u00f3venes promesas\u00a0\u00bb. Pista polideportiva de La Vega<br \/>\n<strong>23.00 h. DISCOTECA M\u00d3VIL<\/strong>. DJ Carlos en la Plaza del Ayuntamiento<\/p>\n<h4><strong>LUNES 15 DE AGOSTO 2022 &#8211; D\u00cdA GRANDE<\/strong><\/h4>\n<p><strong>10.00 h. PASACALLES<\/strong> Banda de Gaitas de On\u00eds<br \/>\n<strong>11.00 h. MISA SOLEMNE <\/strong>en la iglesia parroquial en honor a Ntra.Sra. de Castru, cantada por el\u00a0<strong>CORO PE\u00d1ASANTA<\/strong><br \/>\n<strong>12.00 h. PROCESI\u00d3N DE RETORNO<\/strong> de la Virgen a su capilla, acompa\u00f1ada por aldeanas y porruanos y la banda de gaitas<br \/>\n<strong>13.00 h. MISA SOLMENE<\/strong> en la Capilla de Castru, acompa\u00f1ada de gaita y tambor y OFRECIMIENTO DE LOS RAMOS<br \/>\n<strong>14.30 h. SESI\u00d3N VERM\u00da<\/strong> con la actuaci\u00f3n de <strong>BANDA DE GAITAS DE ON\u00cdS<\/strong><br \/>\n<strong>18.30 h. BAILES REGIONALES<\/strong> a cargo de los ni\u00f1os y j\u00f3venes del pueblo y a continuaci\u00f3n SUBASTA DE LOS RAMOS<br \/>\n<strong>20.00 h. EXHIBICI\u00d3N DE BAILE<\/strong> a cargo de<strong> \u00ab\u00a0ESENCIA LATINA\u00a0\u00bb<\/strong><br \/>\n<strong>22.30 GRAN VERBENA<\/strong> con los grupos<br \/>\n<strong>\u00a0 \u00a0 \u00a0 \u00a0 \u00a0 ESTRELLA DEL NORTE Y MILLENIUM<\/strong><\/p>","excerpt":"<p>Un a\u00f1o m\u00e1s se celebra la Fiesta de Castru en Benia de On\u00eds. Juegos infantiles, discoteca movil, pasacalles, misa solemne, procesi\u00f3n, bailes regionales, banda de gaitas y verbena<\/p>","slug":"fiestas-nuestra-senora-de-castru-2022","image":{"url":"https:\/\/www.onisecoturismo.es\/wp-content\/uploads\/2022\/08\/cartel-programa-fiestas-castru-2022.jpeg","id":342524,"extension":"jpeg","width":1080,"height":1528,"filesize":174900,"sizes":{"medium":{"width":212,"height":300,"mime-type":"image\/jpeg","filesize":20186,"url":"https:\/\/www.onisecoturismo.es\/wp-content\/uploads\/2022\/08\/cartel-programa-fiestas-castru-2022-212x300.jpeg"},"large":{"width":724,"height":1024,"mime-type":"image\/jpeg","filesize":122680,"url":"https:\/\/www.onisecoturismo.es\/wp-content\/uploads\/2022\/08\/cartel-programa-fiestas-castru-2022-724x1024.jpeg"},"thumbnail":{"width":150,"height":150,"mime-type":"image\/jpeg","filesize":8550,"url":"https:\/\/www.onisecoturismo.es\/wp-content\/uploads\/2022\/08\/cartel-programa-fiestas-castru-2022-150x150.jpeg"},"medium_large":{"width":768,"height":1087,"mime-type":"image\/jpeg","filesize":131661,"url":"https:\/\/www.onisecoturismo.es\/wp-content\/uploads\/2022\/08\/cartel-programa-fiestas-castru-2022-768x1087.jpeg"},"et-pb-post-main-image":{"width":400,"height":250,"mime-type":"image\/jpeg","filesize":28072,"url":"https:\/\/www.onisecoturismo.es\/wp-content\/uploads\/2022\/08\/cartel-programa-fiestas-castru-2022-400x250.jpeg"},"et-pb-post-main-image-fullwidth":{"width":1080,"height":675,"mime-type":"image\/jpeg","filesize":104678,"url":"https:\/\/www.onisecoturismo.es\/wp-content\/uploads\/2022\/08\/cartel-programa-fiestas-castru-2022-1080x675.jpeg"},"et-pb-portfolio-image":{"width":400,"height":284,"mime-type":"image\/jpeg","filesize":31271,"url":"https:\/\/www.onisecoturismo.es\/wp-content\/uploads\/2022\/08\/cartel-programa-fiestas-castru-2022-400x284.jpeg"},"et-pb-portfolio-module-image":{"width":510,"height":382,"mime-type":"image\/jpeg","filesize":43080,"url":"https:\/\/www.onisecoturismo.es\/wp-content\/uploads\/2022\/08\/cartel-programa-fiestas-castru-2022-510x382.jpeg"},"et-pb-gallery-module-image-portrait":{"width":400,"height":516,"mime-type":"image\/jpeg","filesize":50881,"url":"https:\/\/www.onisecoturismo.es\/wp-content\/uploads\/2022\/08\/cartel-programa-fiestas-castru-2022-400x516.jpeg"},"et-pb-image--responsive--tablet":{"width":980,"height":1387,"mime-type":"image\/jpeg","filesize":177390,"url":"https:\/\/www.onisecoturismo.es\/wp-content\/uploads\/2022\/08\/cartel-programa-fiestas-castru-2022-980x1387.jpeg"},"et-pb-image--responsive--phone":{"width":480,"height":679,"mime-type":"image\/jpeg","filesize":69502,"url":"https:\/\/www.onisecoturismo.es\/wp-content\/uploads\/2022\/08\/cartel-programa-fiestas-castru-2022-480x679.jpeg"}}},"all_day":true,"start_date":"2022-08-14 00:00:00","start_date_details":{"year":"2022","month":"08","day":"14","hour":"00","minutes":"00","seconds":"00"},"end_date":"2022-08-15 23:59:59","end_date_details":{"year":"2022","month":"08","day":"15","hour":"23","minutes":"59","seconds":"59"},"utc_start_date":"2022-08-14 00:00:00","utc_start_date_details":{"year":"2022","month":"08","day":"14","hour":"00","minutes":"00","seconds":"00"},"utc_end_date":"2022-08-15 23:59:59","utc_end_date_details":{"year":"2022","month":"08","day":"15","hour":"23","minutes":"59","seconds":"59"},"timezone":"UTC+0","timezone_abbr":"UTC+0","cost":"","cost_details":{"currency_symbol":"","currency_code":"","currency_position":"suffix","values":[]},"website":"","show_map":true,"show_map_link":true,"hide_from_listings":false,"sticky":false,"featured":false,"categories":[],"tags":[],"venue":[],"organizer":[],"custom_fields":[],"json_ld":{"@context":"http:\/\/schema.org","@type":"Event","name":"Fiestas Nuestra Se\u00f1ora de Castru 2022","description":"&lt;p&gt;Un a\u00f1o m\u00e1s se celebra la Fiesta de Castru en Benia de On\u00eds. Juegos infantiles, discoteca movil, pasacalles, misa solemne, procesi\u00f3n, bailes regionales, banda de gaitas y verbena&lt;\/p&gt;\\n","image":"https:\/\/www.onisecoturismo.es\/wp-content\/uploads\/2022\/08\/cartel-programa-fiestas-castru-2022.jpeg","url":"https:\/\/www.onisecoturismo.es\/fr\/agenda\/fiestas-nuestra-senora-de-castru-2022\/","eventAttendanceMode":"https:\/\/schema.org\/OfflineEventAttendanceMode","eventStatus":"https:\/\/schema.org\/EventScheduled","startDate":"2022-08-14T02:00:00+02:00","endDate":"2022-08-16T01:59:59+02:00","performer":"Organization"}}