{"id":343427,"global_id":"www.onisecoturismo.es\/en\/?id=343427","global_id_lineage":["www.onisecoturismo.es\/en\/?id=343427"],"author":"2","status":"publish","date":"2022-09-13 07:57:16","date_utc":"2022-09-13 07:57:16","modified":"2023-02-22 22:27:11","modified_utc":"2023-02-22 22:27:11","url":"https:\/\/www.onisecoturismo.es\/en\/agenda\/club-lectura-onis-delibes\/","rest_url":"https:\/\/www.onisecoturismo.es\/en\/wp-json\/tribe\/events\/v1\/events\/343427","title":"Club de Lectura de On\u00eds I Libro &#8220;El Camino&#8221; Miguel Delibes","description":"<p>Encuentro literario que versar\u00e1 sobre el libro de Miguel Delibes &#8220;El Camino&#8221;. \u00a1Est\u00e1is todos invitados a participar!<\/p>","excerpt":"<p>Encuentro literario que versar\u00e1 sobre el libro de Miguel Delibes &#8220;El Camino&#8221;. \u00a1Est\u00e1is todos invitados a participar!<\/p>","slug":"club-lectura-onis-delibes","image":{"url":"https:\/\/www.onisecoturismo.es\/wp-content\/uploads\/2022\/09\/2022-Cadrtel-Club-de-Lectura-de-Onis.jpeg","id":343428,"extension":"jpeg","width":1131,"height":1600,"filesize":153936,"sizes":{"medium":{"width":212,"height":300,"mime-type":"image\/jpeg","filesize":10307,"url":"https:\/\/www.onisecoturismo.es\/wp-content\/uploads\/2022\/09\/2022-Cadrtel-Club-de-Lectura-de-Onis-212x300.jpeg"},"large":{"width":724,"height":1024,"mime-type":"image\/jpeg","filesize":63171,"url":"https:\/\/www.onisecoturismo.es\/wp-content\/uploads\/2022\/09\/2022-Cadrtel-Club-de-Lectura-de-Onis-724x1024.jpeg"},"thumbnail":{"width":150,"height":150,"mime-type":"image\/jpeg","filesize":4930,"url":"https:\/\/www.onisecoturismo.es\/wp-content\/uploads\/2022\/09\/2022-Cadrtel-Club-de-Lectura-de-Onis-150x150.jpeg"},"medium_large":{"width":768,"height":1086,"mime-type":"image\/jpeg","filesize":67589,"url":"https:\/\/www.onisecoturismo.es\/wp-content\/uploads\/2022\/09\/2022-Cadrtel-Club-de-Lectura-de-Onis-768x1086.jpeg"},"1536x1536":{"width":1086,"height":1536,"mime-type":"image\/jpeg","filesize":110634,"url":"https:\/\/www.onisecoturismo.es\/wp-content\/uploads\/2022\/09\/2022-Cadrtel-Club-de-Lectura-de-Onis-1086x1536.jpeg"},"et-pb-post-main-image":{"width":400,"height":250,"mime-type":"image\/jpeg","filesize":13366,"url":"https:\/\/www.onisecoturismo.es\/wp-content\/uploads\/2022\/09\/2022-Cadrtel-Club-de-Lectura-de-Onis-400x250.jpeg"},"et-pb-post-main-image-fullwidth":{"width":1080,"height":675,"mime-type":"image\/jpeg","filesize":57737,"url":"https:\/\/www.onisecoturismo.es\/wp-content\/uploads\/2022\/09\/2022-Cadrtel-Club-de-Lectura-de-Onis-1080x675.jpeg"},"et-pb-portfolio-image":{"width":400,"height":284,"mime-type":"image\/jpeg","filesize":15488,"url":"https:\/\/www.onisecoturismo.es\/wp-content\/uploads\/2022\/09\/2022-Cadrtel-Club-de-Lectura-de-Onis-400x284.jpeg"},"et-pb-portfolio-module-image":{"width":510,"height":382,"mime-type":"image\/jpeg","filesize":23623,"url":"https:\/\/www.onisecoturismo.es\/wp-content\/uploads\/2022\/09\/2022-Cadrtel-Club-de-Lectura-de-Onis-510x382.jpeg"},"et-pb-portfolio-image-single":{"width":1080,"height":1528,"mime-type":"image\/jpeg","filesize":107738,"url":"https:\/\/www.onisecoturismo.es\/wp-content\/uploads\/2022\/09\/2022-Cadrtel-Club-de-Lectura-de-Onis-1080x1528.jpeg"},"et-pb-gallery-module-image-portrait":{"width":400,"height":516,"mime-type":"image\/jpeg","filesize":26138,"url":"https:\/\/www.onisecoturismo.es\/wp-content\/uploads\/2022\/09\/2022-Cadrtel-Club-de-Lectura-de-Onis-400x516.jpeg"},"et-pb-image--responsive--tablet":{"width":980,"height":1386,"mime-type":"image\/jpeg","filesize":96055,"url":"https:\/\/www.onisecoturismo.es\/wp-content\/uploads\/2022\/09\/2022-Cadrtel-Club-de-Lectura-de-Onis-980x1386.jpeg"},"et-pb-image--responsive--phone":{"width":480,"height":679,"mime-type":"image\/jpeg","filesize":35246,"url":"https:\/\/www.onisecoturismo.es\/wp-content\/uploads\/2022\/09\/2022-Cadrtel-Club-de-Lectura-de-Onis-480x679.jpeg"}}},"all_day":false,"start_date":"2022-09-21 19:00:00","start_date_details":{"year":"2022","month":"09","day":"21","hour":"19","minutes":"00","seconds":"00"},"end_date":"2022-09-21 20:30:00","end_date_details":{"year":"2022","month":"09","day":"21","hour":"20","minutes":"30","seconds":"00"},"utc_start_date":"2022-09-21 19:00:00","utc_start_date_details":{"year":"2022","month":"09","day":"21","hour":"19","minutes":"00","seconds":"00"},"utc_end_date":"2022-09-21 20:30:00","utc_end_date_details":{"year":"2022","month":"09","day":"21","hour":"20","minutes":"30","seconds":"00"},"timezone":"UTC+0","timezone_abbr":"UTC+0","cost":"","cost_details":{"currency_symbol":"","currency_code":"","currency_position":"suffix","values":[]},"website":"","show_map":true,"show_map_link":true,"hide_from_listings":false,"sticky":false,"featured":false,"categories":[{"name":"club lectura","slug":"club-lectura","term_group":0,"term_taxonomy_id":77,"taxonomy":"tribe_events_cat","description":"","parent":0,"count":1,"filter":"raw","id":77,"urls":{"self":"https:\/\/www.onisecoturismo.es\/en\/wp-json\/tribe\/events\/v1\/categories\/77","collection":"https:\/\/www.onisecoturismo.es\/en\/wp-json\/tribe\/events\/v1\/categories"}},{"name":"General","slug":"general","term_group":0,"term_taxonomy_id":26,"taxonomy":"tribe_events_cat","description":"","parent":0,"count":6,"filter":"raw","id":26,"urls":{"self":"https:\/\/www.onisecoturismo.es\/en\/wp-json\/tribe\/events\/v1\/categories\/26","collection":"https:\/\/www.onisecoturismo.es\/en\/wp-json\/tribe\/events\/v1\/categories"}}],"tags":[{"name":"cultura","slug":"cultura","term_group":0,"term_taxonomy_id":80,"taxonomy":"post_tag","description":"","parent":0,"count":1,"filter":"raw","id":80,"urls":{"self":"https:\/\/www.onisecoturismo.es\/en\/wp-json\/tribe\/events\/v1\/tags\/80","collection":"https:\/\/www.onisecoturismo.es\/en\/wp-json\/tribe\/events\/v1\/tags"}},{"name":"lectura","slug":"lectura","term_group":0,"term_taxonomy_id":78,"taxonomy":"post_tag","description":"","parent":0,"count":1,"filter":"raw","id":78,"urls":{"self":"https:\/\/www.onisecoturismo.es\/en\/wp-json\/tribe\/events\/v1\/tags\/78","collection":"https:\/\/www.onisecoturismo.es\/en\/wp-json\/tribe\/events\/v1\/tags"}},{"name":"literatura","slug":"literatura","term_group":0,"term_taxonomy_id":79,"taxonomy":"post_tag","description":"","parent":0,"count":1,"filter":"raw","id":79,"urls":{"self":"https:\/\/www.onisecoturismo.es\/en\/wp-json\/tribe\/events\/v1\/tags\/79","collection":"https:\/\/www.onisecoturismo.es\/en\/wp-json\/tribe\/events\/v1\/tags"}}],"venue":{"id":342557,"author":"2","status":"publish","date":"2022-08-11 07:40:15","date_utc":"2022-08-11 07:40:15","modified":"2026-03-02 12:57:08","modified_utc":"2026-03-02 11:57:08","url":"https:\/\/www.onisecoturismo.es\/local\/centro-municipal-alvarez-marcos-tullidi\/","venue":"Centro Municipal \u00c1lvarez Marcos (Tullidi)","excerpt":"<p>Centro de Dinamizaci\u00f3n Tecnol\u00f3gica de On\u00eds.<br \/>\nHorario: Lunes y Mi\u00e9rcoles de 12.00 a 18.00h<br \/>\n              Martes, Jueves y Viernes de 9.00 a 15.00h<\/p>","slug":"centro-municipal-alvarez-marcos-tullidi","address":"Ctra. Gral. AS-114 - Finca Tullidi","city":"Benia de On\u00eds","country":"Spain","province":"On\u00eds","zip":"33556","phone":"985 84 41 45","website":"https:\/\/www.onis.es\/","stateprovince":"On\u00eds","json_ld":{"@type":"Place","name":"Centro Municipal \u00c1lvarez Marcos (Tullidi)","description":"&lt;p&gt;Centro de Dinamizaci\u00f3n Tecnol\u00f3gica de On\u00eds.&lt;br \/&gt;\\nHorario: Lunes y Mi\u00e9rcoles de 12.00 a 18.00h&lt;br \/&gt;\\n              Martes, Jueves y Viernes de 9.00 a 15.00h&lt;\/p&gt;\\n","url":"","address":{"@type":"PostalAddress","streetAddress":"Ctra. Gral. AS-114 - Finca Tullidi","addressLocality":"Benia de On\u00eds","addressRegion":"On\u00eds","postalCode":"33556","addressCountry":"Spain"},"telephone":"985 84 41 45","sameAs":"https:\/\/www.onis.es\/"},"show_map":true,"show_map_link":true,"global_id":"www.onisecoturismo.es\/en\/?id=342557","global_id_lineage":["www.onisecoturismo.es\/en\/?id=342557"]},"organizer":[{"id":341579,"author":"2","status":"publish","date":"2022-05-13 09:48:16","date_utc":"2022-05-13 09:48:16","modified":"2026-03-02 12:58:30","modified_utc":"2026-03-02 11:58:30","url":"https:\/\/www.onisecoturismo.es\/organizador\/ayuntamiento-de-onis\/","organizer":"Ayuntamiento de On\u00eds","slug":"ayuntamiento-de-onis","website":"https:\/\/www.onis.es\/","json_ld":{"@type":"Person","name":"Ayuntamiento de On\u00eds","description":"","url":"https:\/\/www.onis.es\/","telephone":"","email":"","sameAs":"https:\/\/www.onis.es\/"},"global_id":"www.onisecoturismo.es\/en\/?id=341579","global_id_lineage":["www.onisecoturismo.es\/en\/?id=341579"]}],"custom_fields":[],"json_ld":{"@context":"http:\/\/schema.org","@type":"Event","name":"Club de Lectura de On\u00eds I Libro &#8220;El Camino&#8221; Miguel Delibes","description":"&lt;p&gt;Encuentro literario que versar\u00e1 sobre el libro de Miguel Delibes &quot;El Camino&quot;. \u00a1Est\u00e1is todos invitados a participar!&lt;\/p&gt;\\n","image":"https:\/\/www.onisecoturismo.es\/wp-content\/uploads\/2022\/09\/2022-Cadrtel-Club-de-Lectura-de-Onis.jpeg","url":"https:\/\/www.onisecoturismo.es\/en\/agenda\/club-lectura-onis-delibes\/","eventAttendanceMode":"https:\/\/schema.org\/OfflineEventAttendanceMode","eventStatus":"https:\/\/schema.org\/EventScheduled","startDate":"2022-09-21T21:00:00+02:00","endDate":"2022-09-21T22:30:00+02:00","location":{"@type":"Place","name":"Centro Municipal \u00c1lvarez Marcos (Tullidi)","description":"&lt;p&gt;Centro de Dinamizaci\u00f3n Tecnol\u00f3gica de On\u00eds.&lt;br \/&gt;\\nHorario: Lunes y Mi\u00e9rcoles de 12.00 a 18.00h&lt;br \/&gt;\\n              Martes, Jueves y Viernes de 9.00 a 15.00h&lt;\/p&gt;\\n","url":"","address":{"@type":"PostalAddress","streetAddress":"Ctra. Gral. AS-114 - Finca Tullidi","addressLocality":"Benia de On\u00eds","addressRegion":"On\u00eds","postalCode":"33556","addressCountry":"Spain"},"telephone":"985 84 41 45","sameAs":"https:\/\/www.onis.es\/"},"organizer":{"@type":"Person","name":"Ayuntamiento de On\u00eds","description":"","url":"https:\/\/www.onis.es\/","telephone":"","email":"","sameAs":"https:\/\/www.onis.es\/"},"performer":"Organization"}}